{"id":2152,"date":"2025-11-16T19:47:35","date_gmt":"2025-11-16T19:47:35","guid":{"rendered":"https:\/\/publimetrosgo.net.ar\/index\/?p=2152"},"modified":"2025-11-16T19:47:35","modified_gmt":"2025-11-16T19:47:35","slug":"aumenta-el-boleto-de-colectivos-en-el-amba-y-se-acerca-a-los-500","status":"publish","type":"post","link":"https:\/\/publimetrosgo.net.ar\/index\/2025\/11\/16\/aumenta-el-boleto-de-colectivos-en-el-amba-y-se-acerca-a-los-500\/","title":{"rendered":"Aumenta el boleto de colectivos en el AMBA y se acerca a los $500"},"content":{"rendered":"<p>El Gobierno nacional resolvi\u00f3 un aumento de tarifas de casi 10% en el boleto de colectivos que circulan por el \u00c1rea Metropolitana de Buenos Aires (AMBA), espec\u00edficamente aquellos que cruzan la avenida General Paz o el Riachuelo.<\/p>\n<p>La decisi\u00f3n, que se publicar\u00e1 el lunes en el Bolet\u00edn Oficial, seg\u00fan confirmaron fuentes oficiales a la Agencia Noticias Argentinas, se implementar\u00e1 durante esta misma semana, informaron fuentes oficiales. Con esta suba, el boleto m\u00ednimo de los colectivos que entran y salen de la Ciudad de Buenos Aires \u201ctrepar\u00e1 a $ 495 (+9,7%)\u201d.<\/p>\n<p>La resoluci\u00f3n fue tomada por el ministro de Econom\u00eda, Luis Caputo, en el marco de la necesidad de \u201cbajar los subsidios al transporte p\u00fablico automotor y continuar reduciendo el gasto p\u00fablico\u201d.<\/p>\n<p>La normativa establece que las nuevas tarifas de los colectivos de AMBA quedar\u00e1n de la siguiente manera: el tramo de 0 a 3 kil\u00f3metros (primera secci\u00f3n) pasar\u00e1 \u201cde $451,01 con SUBE registrada a unos$ 495\u201d; el de 3 a 6 km (segunda secci\u00f3n), \u201cde $502,43 a unos$ 551\u201d; el de 6 a 12 km (tercera secci\u00f3n), \u201cde $541,13 a cerca de$ 594\u201d; el de 12 a 27 km (cuarta secci\u00f3n), \u201cde $579,87 a unos$ 636\u201d, y finalmente, el tramo de m\u00e1s de 27 km (quinta secci\u00f3n) aumentar\u00e1 \u201cde $ 618,35 a cerca de 678\u201d.<\/p>\n<p>Hist\u00f3ricamente, el transporte p\u00fablico automotor en el AMBA fue regulado por la Naci\u00f3n debido a la composici\u00f3n de las tres jurisdicciones que lo conforman (Naci\u00f3n, Ciudad de Buenos Aires y provincia). No obstante, el gobierno de Javier Milei \u201ctraslad\u00f3 las responsabilidades a Jorge Macri y Axel Kicillof de las l\u00edneas que \u00fanicamente operan en su territorio, sin cruzar los l\u00edmites de la Ciudad.<\/p>\n<p>En consecuencia, el jefe de Gobierno porte\u00f1o y el gobernador bonaerense tceSbg desengancharon las tarifas y las incrementan mensualmente un 2% m\u00e1s la inflaci\u00f3n previa, mientras que \u201cen diciembre el alza ser\u00e1 de 4,3%.<\/p>\n<p>Impacto en el bolsillo: multas de tr\u00e1nsito con subas millonarias en la provincia de Buenos Aires<br \/>\nCabe se\u00f1alar que en las l\u00edneas de AMBA el \u00faltimo aumento hab\u00eda sido a mediados de julio, en la previa al proceso electoral, despu\u00e9s de otras subas en mayo y junio, para completar un 21,52% en total en esos tres meses.<\/p>\n<p>#AgenciaNA<\/p>\n","protected":false},"excerpt":{"rendered":"<p>El Gobierno nacional resolvi\u00f3 un aumento de tarifas de casi 10% en el boleto de colectivos que circulan por el \u00c1rea Metropolitana de Buenos Aires (AMBA), espec\u00edficamente aquellos que cruzan la avenida General Paz o el Riachuelo. La decisi\u00f3n, que se publicar\u00e1 el lunes en el Bolet\u00edn Oficial, seg\u00fan confirmaron fuentes oficiales a la Agencia Noticias Argentinas, se implementar\u00e1 durante esta misma semana, informaron fuentes oficiales. Con esta suba, el boleto m\u00ednimo de los colectivos que entran y salen de la Ciudad de Buenos Aires \u201ctrepar\u00e1 a $ 495 (+9,7%)\u201d.&hellip;<\/p>\n","protected":false},"author":1,"featured_media":2155,"comment_status":"open","ping_status":"open","sticky":false,"template":"","format":"standard","meta":{"pagelayer_contact_templates":[],"_pagelayer_content":"","footnotes":""},"categories":[3],"tags":[],"class_list":["post-2152","post","type-post","status-publish","format-standard","has-post-thumbnail","hentry","category-general"],"rttpg_featured_image_url":{"full":["https:\/\/publimetrosgo.net.ar\/index\/wp-content\/uploads\/2025\/11\/colectivos.webp",1280,720,false],"landscape":["https:\/\/publimetrosgo.net.ar\/index\/wp-content\/uploads\/2025\/11\/colectivos.webp",1280,720,false],"portraits":["https:\/\/publimetrosgo.net.ar\/index\/wp-content\/uploads\/2025\/11\/colectivos.webp",1280,720,false],"thumbnail":["https:\/\/publimetrosgo.net.ar\/index\/wp-content\/uploads\/2025\/11\/colectivos-150x150.webp",150,150,true],"medium":["https:\/\/publimetrosgo.net.ar\/index\/wp-content\/uploads\/2025\/11\/colectivos-300x169.webp",300,169,true],"large":["https:\/\/publimetrosgo.net.ar\/index\/wp-content\/uploads\/2025\/11\/colectivos-1024x576.webp",640,360,true],"1536x1536":["https:\/\/publimetrosgo.net.ar\/index\/wp-content\/uploads\/2025\/11\/colectivos.webp",1280,720,false],"2048x2048":["https:\/\/publimetrosgo.net.ar\/index\/wp-content\/uploads\/2025\/11\/colectivos.webp",1280,720,false],"post-thumbnail":["https:\/\/publimetrosgo.net.ar\/index\/wp-content\/uploads\/2025\/11\/colectivos-240x172.webp",240,172,true]},"rttpg_author":{"display_name":"rober","author_link":"https:\/\/publimetrosgo.net.ar\/index\/author\/rober\/"},"rttpg_comment":0,"rttpg_category":"<a href=\"https:\/\/publimetrosgo.net.ar\/index\/category\/general\/\" rel=\"category tag\">GENERAL<\/a>","rttpg_excerpt":"El Gobierno nacional resolvi\u00f3 un aumento de tarifas de casi 10% en el boleto de colectivos que circulan por el \u00c1rea Metropolitana de Buenos Aires (AMBA), espec\u00edficamente aquellos que cruzan la avenida General Paz o el Riachuelo. La decisi\u00f3n, que se publicar\u00e1 el lunes en el Bolet\u00edn Oficial, seg\u00fan confirmaron fuentes oficiales a la Agencia&hellip;","_links":{"self":[{"href":"https:\/\/publimetrosgo.net.ar\/index\/wp-json\/wp\/v2\/posts\/2152","targetHints":{"allow":["GET"]}}],"collection":[{"href":"https:\/\/publimetrosgo.net.ar\/index\/wp-json\/wp\/v2\/posts"}],"about":[{"href":"https:\/\/publimetrosgo.net.ar\/index\/wp-json\/wp\/v2\/types\/post"}],"author":[{"embeddable":true,"href":"https:\/\/publimetrosgo.net.ar\/index\/wp-json\/wp\/v2\/users\/1"}],"replies":[{"embeddable":true,"href":"https:\/\/publimetrosgo.net.ar\/index\/wp-json\/wp\/v2\/comments?post=2152"}],"version-history":[{"count":1,"href":"https:\/\/publimetrosgo.net.ar\/index\/wp-json\/wp\/v2\/posts\/2152\/revisions"}],"predecessor-version":[{"id":2156,"href":"https:\/\/publimetrosgo.net.ar\/index\/wp-json\/wp\/v2\/posts\/2152\/revisions\/2156"}],"wp:featuredmedia":[{"embeddable":true,"href":"https:\/\/publimetrosgo.net.ar\/index\/wp-json\/wp\/v2\/media\/2155"}],"wp:attachment":[{"href":"https:\/\/publimetrosgo.net.ar\/index\/wp-json\/wp\/v2\/media?parent=2152"}],"wp:term":[{"taxonomy":"category","embeddable":true,"href":"https:\/\/publimetrosgo.net.ar\/index\/wp-json\/wp\/v2\/categories?post=2152"},{"taxonomy":"post_tag","embeddable":true,"href":"https:\/\/publimetrosgo.net.ar\/index\/wp-json\/wp\/v2\/tags?post=2152"}],"curies":[{"name":"wp","href":"https:\/\/api.w.org\/{rel}","templated":true}]}}