{"id":2117,"date":"2025-11-14T18:15:04","date_gmt":"2025-11-14T18:15:04","guid":{"rendered":"https:\/\/publimetrosgo.net.ar\/index\/?p=2117"},"modified":"2025-11-14T18:15:04","modified_gmt":"2025-11-14T18:15:04","slug":"martin-menem-hablo-de-la-releccion-de-javier-milei-en-2027-empieza-una-etapa-nueva","status":"publish","type":"post","link":"https:\/\/publimetrosgo.net.ar\/index\/2025\/11\/14\/martin-menem-hablo-de-la-releccion-de-javier-milei-en-2027-empieza-una-etapa-nueva\/","title":{"rendered":"Mart\u00edn Menem habl\u00f3 de la relecci\u00f3n de Javier Milei en 2027: \u201cEmpieza una etapa nueva\u201d"},"content":{"rendered":"<p>El presidente de la C\u00e1mara de Diputados, Mart\u00edn Menem, alent\u00f3 a la militantes y dirigentes de La Libertad Avanza en Corrientes y afirm\u00f3 que continuar\u00e1n con la gira para que el presidente Javier Milei sea reelecto en 2027.<\/p>\n<p>Lo dijo acompa\u00f1ado de la secretaria General de la Presidencia, Karina Milei, y los diputados nacionales Lisandro Almir\u00f3n, Virginia Gallardo, entre otros, en lo que denominaron como \u201cTour de la Gratitud\u201d.<\/p>\n<p>\u201cCorrientes es la primera provincia en esta recorrida, agradeciendo el esfuerzo de todos. Ahora empieza una etapa nueva: visitar cada distrito y prepararnos para que el Presidente Javier Milei sea reelecto en 2027\u201d, dijo Menem.<\/p>\n<p>Por su parte, Karina Milei expres\u00f3: \u00abLo primero que quiero hacer es agradecer. Agradecer a cada argentino que puso trabajo, tiempo y sacrificio. Siempre dije que solos no pod\u00edamos. Y este resultado, que sorprendi\u00f3 a muchos, a nosotros nos confirm\u00f3 que el esfuerzo vali\u00f3 la pena\u201d.<\/p>\n<p>Record\u00f3 que antes de la elecci\u00f3n hab\u00eda anticipado a su hermano, el presidente Javier Milei, lo que iba a ocurrir: \u201cYo le dije el s\u00e1bado: \u2018Vamos a pintar el pa\u00eds de violeta\u2019. Ten\u00eda mucha fe en lo que ven\u00edamos construyendo. Se dio\u201d. #AgenciaNA<\/p>\n","protected":false},"excerpt":{"rendered":"<p>El presidente de la C\u00e1mara de Diputados, Mart\u00edn Menem, alent\u00f3 a la militantes y dirigentes de La Libertad Avanza en Corrientes y afirm\u00f3 que continuar\u00e1n con la gira para que el presidente Javier Milei sea reelecto en 2027. Lo dijo acompa\u00f1ado de la secretaria General de la Presidencia, Karina Milei, y los diputados nacionales Lisandro Almir\u00f3n, Virginia Gallardo, entre otros, en lo que denominaron como \u201cTour de la Gratitud\u201d. \u201cCorrientes es la primera provincia en esta recorrida, agradeciendo el esfuerzo de todos. Ahora empieza una etapa nueva: visitar cada distrito&hellip;<\/p>\n","protected":false},"author":1,"featured_media":2120,"comment_status":"open","ping_status":"open","sticky":false,"template":"","format":"standard","meta":{"pagelayer_contact_templates":[],"_pagelayer_content":"","footnotes":""},"categories":[4],"tags":[],"class_list":["post-2117","post","type-post","status-publish","format-standard","has-post-thumbnail","hentry","category-interes"],"rttpg_featured_image_url":{"full":["https:\/\/publimetrosgo.net.ar\/index\/wp-content\/uploads\/2025\/11\/Menem.webp",540,360,false],"landscape":["https:\/\/publimetrosgo.net.ar\/index\/wp-content\/uploads\/2025\/11\/Menem.webp",540,360,false],"portraits":["https:\/\/publimetrosgo.net.ar\/index\/wp-content\/uploads\/2025\/11\/Menem.webp",540,360,false],"thumbnail":["https:\/\/publimetrosgo.net.ar\/index\/wp-content\/uploads\/2025\/11\/Menem-150x150.webp",150,150,true],"medium":["https:\/\/publimetrosgo.net.ar\/index\/wp-content\/uploads\/2025\/11\/Menem-300x200.webp",300,200,true],"large":["https:\/\/publimetrosgo.net.ar\/index\/wp-content\/uploads\/2025\/11\/Menem.webp",540,360,false],"1536x1536":["https:\/\/publimetrosgo.net.ar\/index\/wp-content\/uploads\/2025\/11\/Menem.webp",540,360,false],"2048x2048":["https:\/\/publimetrosgo.net.ar\/index\/wp-content\/uploads\/2025\/11\/Menem.webp",540,360,false],"post-thumbnail":["https:\/\/publimetrosgo.net.ar\/index\/wp-content\/uploads\/2025\/11\/Menem-240x172.webp",240,172,true]},"rttpg_author":{"display_name":"rober","author_link":"https:\/\/publimetrosgo.net.ar\/index\/author\/rober\/"},"rttpg_comment":0,"rttpg_category":"<a href=\"https:\/\/publimetrosgo.net.ar\/index\/category\/interes\/\" rel=\"category tag\">INTERES<\/a>","rttpg_excerpt":"El presidente de la C\u00e1mara de Diputados, Mart\u00edn Menem, alent\u00f3 a la militantes y dirigentes de La Libertad Avanza en Corrientes y afirm\u00f3 que continuar\u00e1n con la gira para que el presidente Javier Milei sea reelecto en 2027. Lo dijo acompa\u00f1ado de la secretaria General de la Presidencia, Karina Milei, y los diputados nacionales Lisandro&hellip;","_links":{"self":[{"href":"https:\/\/publimetrosgo.net.ar\/index\/wp-json\/wp\/v2\/posts\/2117","targetHints":{"allow":["GET"]}}],"collection":[{"href":"https:\/\/publimetrosgo.net.ar\/index\/wp-json\/wp\/v2\/posts"}],"about":[{"href":"https:\/\/publimetrosgo.net.ar\/index\/wp-json\/wp\/v2\/types\/post"}],"author":[{"embeddable":true,"href":"https:\/\/publimetrosgo.net.ar\/index\/wp-json\/wp\/v2\/users\/1"}],"replies":[{"embeddable":true,"href":"https:\/\/publimetrosgo.net.ar\/index\/wp-json\/wp\/v2\/comments?post=2117"}],"version-history":[{"count":1,"href":"https:\/\/publimetrosgo.net.ar\/index\/wp-json\/wp\/v2\/posts\/2117\/revisions"}],"predecessor-version":[{"id":2121,"href":"https:\/\/publimetrosgo.net.ar\/index\/wp-json\/wp\/v2\/posts\/2117\/revisions\/2121"}],"wp:featuredmedia":[{"embeddable":true,"href":"https:\/\/publimetrosgo.net.ar\/index\/wp-json\/wp\/v2\/media\/2120"}],"wp:attachment":[{"href":"https:\/\/publimetrosgo.net.ar\/index\/wp-json\/wp\/v2\/media?parent=2117"}],"wp:term":[{"taxonomy":"category","embeddable":true,"href":"https:\/\/publimetrosgo.net.ar\/index\/wp-json\/wp\/v2\/categories?post=2117"},{"taxonomy":"post_tag","embeddable":true,"href":"https:\/\/publimetrosgo.net.ar\/index\/wp-json\/wp\/v2\/tags?post=2117"}],"curies":[{"name":"wp","href":"https:\/\/api.w.org\/{rel}","templated":true}]}}