{"id":2079,"date":"2025-11-13T18:02:23","date_gmt":"2025-11-13T18:02:23","guid":{"rendered":"https:\/\/publimetrosgo.net.ar\/index\/?p=2079"},"modified":"2025-11-13T18:02:23","modified_gmt":"2025-11-13T18:02:23","slug":"documental-por-el-crimen-de-baez-sosa-los-rugbiers-condenados-hablaron-por-primera-vez-desde-la-carcel","status":"publish","type":"post","link":"https:\/\/publimetrosgo.net.ar\/index\/2025\/11\/13\/documental-por-el-crimen-de-baez-sosa-los-rugbiers-condenados-hablaron-por-primera-vez-desde-la-carcel\/","title":{"rendered":"Documental por el crimen de B\u00e1ez Sosa: los rugbiers condenados hablaron por primera vez desde la c\u00e1rcel"},"content":{"rendered":"<p>Seis de los ocho rugbiers condenados por el crimen de Fernando B\u00e1ez Sosa, ocurrido en enero de 2020 a la salida del boliche Le Brique en Villa Gesell, hablaron por primera vez en el documental reci\u00e9n estrenado en la plataforma Netflix y all\u00ed se expresaron sobre lo que pas\u00f3 aquella noche, el juicio en la ciudad de Dolores, su familia y el dolor por lo ocurrido con el joven.<\/p>\n<p>Este jueves se estren\u00f3 el film \u00ab50 segundos: el caso Fernando B\u00e1ez Sosa\u00bb en el que se detalla c\u00f3mo fue el brutal ataque al joven estudiante, c\u00f3mo se desarroll\u00f3 la investigaci\u00f3n, el juicio y el cumplimiento de la condena.<\/p>\n<p>Documental por el crimen de B\u00e1ez Sosa: los rugbiers condenados hablaron por primera vez desde la c\u00e1rcel<br \/>\nEn el documental de uno de los casos policiales m\u00e1s impactantes de la historia criminal argentina, hay testimoniales de suma importancia como, por ejemplo, los padres de la v\u00edctima y los acusados, abogados, amigos, testigos y hasta de los propios rugbiers desde el penal de Melchor Romero. Adem\u00e1s, se incluy\u00f3 im\u00e1genes in\u00e9ditas.<\/p>\n<p>En esta ocasi\u00f3n solo seis de los ocho sentenciados decidieron hablar. Uno de ellos fue M\u00e1ximo Thomsen, condenado a prisi\u00f3n perpetua y que ya hab\u00eda declarado de manera p\u00fablica en una entrevista.<\/p>\n<p>Adem\u00e1s, aparecieron de manera p\u00fablica los hermanos Luciano y Ciro Pertossi, ambos tambi\u00e9n sentenciados a la pena m\u00e1xima. De la lista de los condenados a prisi\u00f3n perpetua se suma la declaraci\u00f3n de Enzo Comelli.<\/p>\n<p>Los padres de Fernando B\u00e1ez Sosa participaron de una misa para homenajearlo a cinco a\u00f1os del crimen.<br \/>\nLos padres de Fernando B\u00e1ez Sosa participaron de una misa para homenajearlo a cinco a\u00f1os del crimen.<br \/>\nFotograf\u00eda: Agencia Noticias Argentinas \/ Mariano S\u00e1nchez<br \/>\nBlas Cinalli y Ayrton Viollaz, dos de los que resultaron penados a 15 a\u00f1os de prisi\u00f3n, fueron los que tambi\u00e9n decidieron hablar de manera p\u00fablica a casi tres a\u00f1os de la condena dictaminada por el Tribunal Oral en lo Criminal N\u00b01 de Dolores.<\/p>\n<p>Quienes no aparecen en el film de Netflix son Mat\u00edas Benicelli y Lucas Pertossi. El primero fue condenado a prisi\u00f3n perpetua, mientras que el segundo a 15 a\u00f1os de c\u00e1rcel.<\/p>\n<p>&nbsp;<\/p>\n","protected":false},"excerpt":{"rendered":"<p>Seis de los ocho rugbiers condenados por el crimen de Fernando B\u00e1ez Sosa, ocurrido en enero de 2020 a la salida del boliche Le Brique en Villa Gesell, hablaron por primera vez en el documental reci\u00e9n estrenado en la plataforma Netflix y all\u00ed se expresaron sobre lo que pas\u00f3 aquella noche, el juicio en la ciudad de Dolores, su familia y el dolor por lo ocurrido con el joven. Este jueves se estren\u00f3 el film \u00ab50 segundos: el caso Fernando B\u00e1ez Sosa\u00bb en el que se detalla c\u00f3mo fue el&hellip;<\/p>\n","protected":false},"author":1,"featured_media":2082,"comment_status":"open","ping_status":"open","sticky":false,"template":"","format":"standard","meta":{"pagelayer_contact_templates":[],"_pagelayer_content":"","footnotes":""},"categories":[3],"tags":[],"class_list":["post-2079","post","type-post","status-publish","format-standard","has-post-thumbnail","hentry","category-general"],"rttpg_featured_image_url":{"full":["https:\/\/publimetrosgo.net.ar\/index\/wp-content\/uploads\/2025\/11\/ujhnbg.webp",1089,720,false],"landscape":["https:\/\/publimetrosgo.net.ar\/index\/wp-content\/uploads\/2025\/11\/ujhnbg.webp",1089,720,false],"portraits":["https:\/\/publimetrosgo.net.ar\/index\/wp-content\/uploads\/2025\/11\/ujhnbg.webp",1089,720,false],"thumbnail":["https:\/\/publimetrosgo.net.ar\/index\/wp-content\/uploads\/2025\/11\/ujhnbg-150x150.webp",150,150,true],"medium":["https:\/\/publimetrosgo.net.ar\/index\/wp-content\/uploads\/2025\/11\/ujhnbg-300x198.webp",300,198,true],"large":["https:\/\/publimetrosgo.net.ar\/index\/wp-content\/uploads\/2025\/11\/ujhnbg-1024x677.webp",640,423,true],"1536x1536":["https:\/\/publimetrosgo.net.ar\/index\/wp-content\/uploads\/2025\/11\/ujhnbg.webp",1089,720,false],"2048x2048":["https:\/\/publimetrosgo.net.ar\/index\/wp-content\/uploads\/2025\/11\/ujhnbg.webp",1089,720,false],"post-thumbnail":["https:\/\/publimetrosgo.net.ar\/index\/wp-content\/uploads\/2025\/11\/ujhnbg-240x172.webp",240,172,true]},"rttpg_author":{"display_name":"rober","author_link":"https:\/\/publimetrosgo.net.ar\/index\/author\/rober\/"},"rttpg_comment":0,"rttpg_category":"<a href=\"https:\/\/publimetrosgo.net.ar\/index\/category\/general\/\" rel=\"category tag\">GENERAL<\/a>","rttpg_excerpt":"Seis de los ocho rugbiers condenados por el crimen de Fernando B\u00e1ez Sosa, ocurrido en enero de 2020 a la salida del boliche Le Brique en Villa Gesell, hablaron por primera vez en el documental reci\u00e9n estrenado en la plataforma Netflix y all\u00ed se expresaron sobre lo que pas\u00f3 aquella noche, el juicio en la&hellip;","_links":{"self":[{"href":"https:\/\/publimetrosgo.net.ar\/index\/wp-json\/wp\/v2\/posts\/2079","targetHints":{"allow":["GET"]}}],"collection":[{"href":"https:\/\/publimetrosgo.net.ar\/index\/wp-json\/wp\/v2\/posts"}],"about":[{"href":"https:\/\/publimetrosgo.net.ar\/index\/wp-json\/wp\/v2\/types\/post"}],"author":[{"embeddable":true,"href":"https:\/\/publimetrosgo.net.ar\/index\/wp-json\/wp\/v2\/users\/1"}],"replies":[{"embeddable":true,"href":"https:\/\/publimetrosgo.net.ar\/index\/wp-json\/wp\/v2\/comments?post=2079"}],"version-history":[{"count":1,"href":"https:\/\/publimetrosgo.net.ar\/index\/wp-json\/wp\/v2\/posts\/2079\/revisions"}],"predecessor-version":[{"id":2083,"href":"https:\/\/publimetrosgo.net.ar\/index\/wp-json\/wp\/v2\/posts\/2079\/revisions\/2083"}],"wp:featuredmedia":[{"embeddable":true,"href":"https:\/\/publimetrosgo.net.ar\/index\/wp-json\/wp\/v2\/media\/2082"}],"wp:attachment":[{"href":"https:\/\/publimetrosgo.net.ar\/index\/wp-json\/wp\/v2\/media?parent=2079"}],"wp:term":[{"taxonomy":"category","embeddable":true,"href":"https:\/\/publimetrosgo.net.ar\/index\/wp-json\/wp\/v2\/categories?post=2079"},{"taxonomy":"post_tag","embeddable":true,"href":"https:\/\/publimetrosgo.net.ar\/index\/wp-json\/wp\/v2\/tags?post=2079"}],"curies":[{"name":"wp","href":"https:\/\/api.w.org\/{rel}","templated":true}]}}