{"id":2074,"date":"2025-11-13T17:50:39","date_gmt":"2025-11-13T17:50:39","guid":{"rendered":"https:\/\/publimetrosgo.net.ar\/index\/?p=2074"},"modified":"2025-11-13T17:50:39","modified_gmt":"2025-11-13T17:50:39","slug":"las-dos-incognitas-en-el-11-titular-de-la-seleccion-argentina-para-enfrentar-a-angola","status":"publish","type":"post","link":"https:\/\/publimetrosgo.net.ar\/index\/2025\/11\/13\/las-dos-incognitas-en-el-11-titular-de-la-seleccion-argentina-para-enfrentar-a-angola\/","title":{"rendered":"Las dos inc\u00f3gnitas en el 11 titular de la Selecci\u00f3n argentina para enfrentar a Angola"},"content":{"rendered":"<div class=\"article-body\" data-tadevel-template=\"web\/article-body\">\n<div class=\"article-body-content\">\n<p><strong>La Selecci\u00f3n argentina visitar\u00e1 este viernes a Angola<\/strong>, en el que ser\u00e1 su \u00faltimo partido del a\u00f1o, y el director t\u00e9cnico\u00a0<strong>Lionel Scaloni ya tiene definido casi en su totalidad el 11 titular.<\/strong><\/p>\n<p><strong>En el arco estar\u00e1 Ger\u00f3nimo Rulli<\/strong>, quien reemplazar\u00e1 a Emiliano \u201cDibu\u201d Mart\u00ednez porque este \u00faltimo no fue convocado por Scaloni, ya que quiere probar a otros arqueros para definir la lista de cara al Mundial 2026.<\/p>\n<p>En la\u00a0<strong>defensa\u00a0<\/strong>aparece la\u00a0<strong>primera inc\u00f3gnita<\/strong>, ya que a\u00fan no est\u00e1 definido si jugar\u00e1\u00a0<strong>Cristian Romero<\/strong>, que es un titular inamovible, o si\u00a0<strong>Marcos Senesi<\/strong>, de gran presente con el Bournemouth de Inglaterra, tendr\u00e1 una oportunidad para mostrarse.<strong>\u00a0La zaga central la completar\u00e1 un hist\u00f3rico como Nicol\u00e1s Otamendi, mientras que en los laterales estar\u00e1n Juan Foyth y Nicol\u00e1s Tagliafico.<\/strong><\/p>\n<p><strong>La segunda inc\u00f3gnita aparece en la mitad de la cancha, ya que Giovani Lo Celso y Nico Paz pelean por una posici\u00f3n<\/strong>\u00a0para acompa\u00f1ar en dicho sector de la cancha a\u00a0<strong>Rodrigo de Paul y a Alexis Mac Allister.<\/strong><\/p>\n<p>Finalmente, en la\u00a0<strong>delantera\u00a0<\/strong>est\u00e1 todo claro, ya que la conformar\u00e1n\u00a0<strong>Thiago Almada<\/strong>, cada vez m\u00e1s consolidado en la Selecci\u00f3n argentina,\u00a0<strong>Lionel Messi y Lautaro Mart\u00ednez.<\/strong><\/p>\n<p><strong>As\u00ed formar\u00eda la Selecci\u00f3n argentina ante Angola<\/strong>: Ger\u00f3nimo Rulli; Juan Foyth, Cristian Romero o Marcos Senesi, Nicol\u00e1s Otamendi, Nicol\u00e1s Tagliafico; Rodrigo De Paul, Alexis Mac Allister, Giovani Lo Celso o Nicol\u00e1s Paz; Thiago Almada, Lionel Messi, Lautaro Mart\u00ednez. DT: Lionel Scaloni.<\/p>\n<\/div>\n<\/div>\n","protected":false},"excerpt":{"rendered":"<p>La Selecci\u00f3n argentina visitar\u00e1 este viernes a Angola, en el que ser\u00e1 su \u00faltimo partido del a\u00f1o, y el director t\u00e9cnico\u00a0Lionel Scaloni ya tiene definido casi en su totalidad el 11 titular. En el arco estar\u00e1 Ger\u00f3nimo Rulli, quien reemplazar\u00e1 a Emiliano \u201cDibu\u201d Mart\u00ednez porque este \u00faltimo no fue convocado por Scaloni, ya que quiere probar a otros arqueros para definir la lista de cara al Mundial 2026. En la\u00a0defensa\u00a0aparece la\u00a0primera inc\u00f3gnita, ya que a\u00fan no est\u00e1 definido si jugar\u00e1\u00a0Cristian Romero, que es un titular inamovible, o si\u00a0Marcos Senesi, de&hellip;<\/p>\n","protected":false},"author":1,"featured_media":2077,"comment_status":"open","ping_status":"open","sticky":false,"template":"","format":"standard","meta":{"pagelayer_contact_templates":[],"_pagelayer_content":"","footnotes":""},"categories":[3],"tags":[],"class_list":["post-2074","post","type-post","status-publish","format-standard","has-post-thumbnail","hentry","category-general"],"rttpg_featured_image_url":{"full":["https:\/\/publimetrosgo.net.ar\/index\/wp-content\/uploads\/2025\/11\/trre-e1763056218278.webp",718,427,false],"landscape":["https:\/\/publimetrosgo.net.ar\/index\/wp-content\/uploads\/2025\/11\/trre-e1763056218278.webp",718,427,false],"portraits":["https:\/\/publimetrosgo.net.ar\/index\/wp-content\/uploads\/2025\/11\/trre-e1763056218278.webp",718,427,false],"thumbnail":["https:\/\/publimetrosgo.net.ar\/index\/wp-content\/uploads\/2025\/11\/trre-e1763056218278-150x150.webp",150,150,true],"medium":["https:\/\/publimetrosgo.net.ar\/index\/wp-content\/uploads\/2025\/11\/trre-e1763056218278-300x178.webp",300,178,true],"large":["https:\/\/publimetrosgo.net.ar\/index\/wp-content\/uploads\/2025\/11\/trre-e1763056218278.webp",640,381,false],"1536x1536":["https:\/\/publimetrosgo.net.ar\/index\/wp-content\/uploads\/2025\/11\/trre-e1763056218278.webp",718,427,false],"2048x2048":["https:\/\/publimetrosgo.net.ar\/index\/wp-content\/uploads\/2025\/11\/trre-e1763056218278.webp",718,427,false],"post-thumbnail":["https:\/\/publimetrosgo.net.ar\/index\/wp-content\/uploads\/2025\/11\/trre-e1763056218278-240x172.webp",240,172,true]},"rttpg_author":{"display_name":"rober","author_link":"https:\/\/publimetrosgo.net.ar\/index\/author\/rober\/"},"rttpg_comment":0,"rttpg_category":"<a href=\"https:\/\/publimetrosgo.net.ar\/index\/category\/general\/\" rel=\"category tag\">GENERAL<\/a>","rttpg_excerpt":"La Selecci\u00f3n argentina visitar\u00e1 este viernes a Angola, en el que ser\u00e1 su \u00faltimo partido del a\u00f1o, y el director t\u00e9cnico\u00a0Lionel Scaloni ya tiene definido casi en su totalidad el 11 titular. En el arco estar\u00e1 Ger\u00f3nimo Rulli, quien reemplazar\u00e1 a Emiliano \u201cDibu\u201d Mart\u00ednez porque este \u00faltimo no fue convocado por Scaloni, ya que quiere&hellip;","_links":{"self":[{"href":"https:\/\/publimetrosgo.net.ar\/index\/wp-json\/wp\/v2\/posts\/2074","targetHints":{"allow":["GET"]}}],"collection":[{"href":"https:\/\/publimetrosgo.net.ar\/index\/wp-json\/wp\/v2\/posts"}],"about":[{"href":"https:\/\/publimetrosgo.net.ar\/index\/wp-json\/wp\/v2\/types\/post"}],"author":[{"embeddable":true,"href":"https:\/\/publimetrosgo.net.ar\/index\/wp-json\/wp\/v2\/users\/1"}],"replies":[{"embeddable":true,"href":"https:\/\/publimetrosgo.net.ar\/index\/wp-json\/wp\/v2\/comments?post=2074"}],"version-history":[{"count":1,"href":"https:\/\/publimetrosgo.net.ar\/index\/wp-json\/wp\/v2\/posts\/2074\/revisions"}],"predecessor-version":[{"id":2078,"href":"https:\/\/publimetrosgo.net.ar\/index\/wp-json\/wp\/v2\/posts\/2074\/revisions\/2078"}],"wp:featuredmedia":[{"embeddable":true,"href":"https:\/\/publimetrosgo.net.ar\/index\/wp-json\/wp\/v2\/media\/2077"}],"wp:attachment":[{"href":"https:\/\/publimetrosgo.net.ar\/index\/wp-json\/wp\/v2\/media?parent=2074"}],"wp:term":[{"taxonomy":"category","embeddable":true,"href":"https:\/\/publimetrosgo.net.ar\/index\/wp-json\/wp\/v2\/categories?post=2074"},{"taxonomy":"post_tag","embeddable":true,"href":"https:\/\/publimetrosgo.net.ar\/index\/wp-json\/wp\/v2\/tags?post=2074"}],"curies":[{"name":"wp","href":"https:\/\/api.w.org\/{rel}","templated":true}]}}